{"id":382,"date":"2022-03-17T11:13:51","date_gmt":"2022-03-17T10:13:51","guid":{"rendered":"https:\/\/ccbt-st1.le-pic.org\/?p=382"},"modified":"2022-03-17T11:13:51","modified_gmt":"2022-03-17T10:13:51","slug":"la-petite-histoire","status":"publish","type":"post","link":"https:\/\/www.repaircafepibrac.org\/index.php\/2022\/03\/17\/la-petite-histoire\/","title":{"rendered":"La petite histoire du CCBT"},"content":{"rendered":"<h2 class=\"wp-block-post-title\">La petite histoire du CCBT<\/h2>\n\n\n<p class=\"wp-block-paragraph\">Le collectif des Caf\u00e9s Bricol&#8217; de la r\u00e9gion toulousaine a \u00e9t\u00e9 cr\u00e9\u00e9 fin 2021. En 20xx Toulouse en transition cr\u00e9ait le premier Caf\u00e9 Bricol&#8217; de la r\u00e9gion toulousaine. Depuis la jeune pousse des Chalets a essaim\u00e9 dans plus de 25 lieux \u00e0 Toulouse et dans ses environs. En d\u00e9cembre 2021 plusieurs initiateurs et initiatrices de Caf\u00e9s Bricol\u2019 se sont rencontr\u00e9.e.s et ont d\u00e9fini des objectifs communs pour mieux faire connaitre ces initiatives, cr\u00e9er des synergies et de l\u2019entraide. Un premier projet est en cours de d\u00e9veloppement. Il s&#8217;agit d&#8217;un site internet avec un agenda pour permettre \u00e0 tous les caf\u00e9s bricol&#8217; d&#8217;entrer leurs s\u00e9ances de r\u00e9paration. Nous avons aussi d\u00e9marr\u00e9 un cycle de formation pour les b\u00e9n\u00e9voles qui veulent se former sur des techniques en lien avec la r\u00e9paration. Dans le cadre de la journ\u00e9e mondiale du bricolage un premier \u00e9v\u00e8nement a \u00e9t\u00e9 lanc\u00e9e le 24 mai 2022 sur la parvis de la prison Saint-Michel \u00e0 Toulouse.<\/p>\n","protected":false},"excerpt":{"rendered":"<p>Le collectif des Caf\u00e9s Bricol&#8217; de la r\u00e9gion toulousaine a \u00e9t\u00e9 cr\u00e9\u00e9 fin 2021. En 20xx Toulouse en transition cr\u00e9ait le premier Caf\u00e9 Bricol&#8217; de la r\u00e9gion toulousaine. Depuis la jeune pousse des Chalets a essaim\u00e9 dans plus de 25 lieux \u00e0 Toulouse et dans ses environs. En d\u00e9cembre 2021 plusieurs initiateurs et initiatrices de [&hellip;]<\/p>\n","protected":false},"author":3,"featured_media":795,"comment_status":"open","ping_status":"open","sticky":false,"template":"wp-custom-template-page-cafe-bricol","format":"standard","meta":{"_crdt_document":"","footnotes":""},"categories":[1],"tags":[],"class_list":["post-382","post","type-post","status-publish","format-standard","has-post-thumbnail","hentry","category-non-classe"],"_links":{"self":[{"href":"https:\/\/www.repaircafepibrac.org\/index.php\/wp-json\/wp\/v2\/posts\/382","targetHints":{"allow":["GET"]}}],"collection":[{"href":"https:\/\/www.repaircafepibrac.org\/index.php\/wp-json\/wp\/v2\/posts"}],"about":[{"href":"https:\/\/www.repaircafepibrac.org\/index.php\/wp-json\/wp\/v2\/types\/post"}],"author":[{"embeddable":true,"href":"https:\/\/www.repaircafepibrac.org\/index.php\/wp-json\/wp\/v2\/users\/3"}],"replies":[{"embeddable":true,"href":"https:\/\/www.repaircafepibrac.org\/index.php\/wp-json\/wp\/v2\/comments?post=382"}],"version-history":[{"count":0,"href":"https:\/\/www.repaircafepibrac.org\/index.php\/wp-json\/wp\/v2\/posts\/382\/revisions"}],"wp:featuredmedia":[{"embeddable":true,"href":"https:\/\/www.repaircafepibrac.org\/index.php\/wp-json\/wp\/v2\/media\/795"}],"wp:attachment":[{"href":"https:\/\/www.repaircafepibrac.org\/index.php\/wp-json\/wp\/v2\/media?parent=382"}],"wp:term":[{"taxonomy":"category","embeddable":true,"href":"https:\/\/www.repaircafepibrac.org\/index.php\/wp-json\/wp\/v2\/categories?post=382"},{"taxonomy":"post_tag","embeddable":true,"href":"https:\/\/www.repaircafepibrac.org\/index.php\/wp-json\/wp\/v2\/tags?post=382"}],"curies":[{"name":"wp","href":"https:\/\/api.w.org\/{rel}","templated":true}]}}