{"id":2833,"date":"2024-05-23T16:19:38","date_gmt":"2024-05-23T14:19:38","guid":{"rendered":"https:\/\/www.repaircafepibrac.org\/?p=2833"},"modified":"2024-06-04T18:29:57","modified_gmt":"2024-06-04T16:29:57","slug":"esprit-recup-2024-a-blagnac","status":"publish","type":"post","link":"https:\/\/www.repaircafepibrac.org\/index.php\/2024\/05\/23\/esprit-recup-2024-a-blagnac\/","title":{"rendered":"Esprit R\u00e9cup&#8217; 2024 \u00e0 Blagnac"},"content":{"rendered":"\n<p class=\"wp-block-paragraph\">Apr\u00e8s la premi\u00e8re \u00e9dition en juin 2023 initi\u00e9e par le Repair Caf\u00e9 de Pibrac, le Repair Caf\u00e9 de Blagnac a organis\u00e9 la deuxi\u00e8me \u00e9dition de cet \u00e9v\u00e8nement au tiers-lieu les Alouettes \u00e0 Blagnac coupl\u00e9e aux \u00c9ph\u00e9m\u00e8res, un \u00e9v\u00e8nement bimestriel qui en est \u00e0 sa 5\u00e9me \u00e9dition, programm\u00e9es dans le cadre de la f\u00eate de la science. A cot\u00e9 d&#8217;Esprit R\u00e9cup, le tiers-Lieu proposait ses ateliers permanents tels le FabLab, l&#8217;atelier couture, et une expo d&#8217;artistes locaux. Cot\u00e9 atelier de r\u00e9paration \u00e9taient pr\u00e9sents essentiellement les Repair Caf\u00e9 de l&#8217;ouest Toulousain, Tournefeuille, Colomiers, Pibrac et bien sur Blagnac qui \u00e9tait le local de l&#8217;\u00e9tape.<\/p>\n\n\n\n<p class=\"wp-block-paragraph\">Dans le domaine de la r\u00e9paration, nous avons eu l&#8217;agr\u00e9able visite du camion de la Croix Rouge de Montpellier, destin\u00e9 \u00e0 la r\u00e9paration, qui se rend directement sur les lieux de grande pr\u00e9carit\u00e9, vers les sans-abris, les r\u00e9fugi\u00e9s et d&#8217;une fa\u00e7on g\u00e9n\u00e9rale vers les personnes qui en ont le plus besoin. La responsable de ce camion, Louise, une salari\u00e9e de la Croix Rouge \u00e9tait \u00e0 Toulouse pour pr\u00e9senter le concept aux responsables locaux avec l\u2019espoir qu&#8217;une initiative similaire ou voisine \u00e9merge ici.<\/p>\n\n\n\n<p class=\"wp-block-paragraph\">Si vous ne connaissez pas les actions de la Croix Rouge, je dois d\u00e9j\u00e0 vous expliquer le concept de la maraude. Il s&#8217;agit de faire la tourn\u00e9e des gens \u00e0 la rue, litt\u00e9ralement, et leur apporter un soutien. C&#8217;est g\u00e9n\u00e9ralement en pleine nuit, le moment o\u00f9 c&#8217;est le plus dur, particuli\u00e8rement l&#8217;hiver. Juste parler est d\u00e9j\u00e0 un soutien, mais parfois il y a des actions de survie: une couverture, des soins m\u00e9dicaux, une h\u00e9bergement d&#8217;urgence&#8230; Ce camion fais g\u00e9n\u00e9ralement partie d&#8217;une \u00e9quipe de maraude, mais a \u00e9t\u00e9 \u00e9galement utilis\u00e9 dans les lieux encore plus sensibles comme dans les camps &#8220;provisoires&#8221; de Calais.<\/p>\n\n\n\n<p class=\"wp-block-paragraph\">L&#8217;\u00e9quipe toulousaine de la Croix Rouge va r\u00e9fl\u00e9chir \u00e0 la fa\u00e7on de s&#8217;approprier le concept, pas n\u00e9cessairement sous forme d&#8217;un camion. Peut \u00eatre d\u00e9marrer avec un sac \u00e0 dos d&#8217;outils ? Je pense que l&#8217;action de la Croix Rouge m\u00e9rite notre grand respect, et si vous \u00eatre moralement solide, votre concours. Laurent, le responsable b\u00e9n\u00e9vole local, doit mettre en place une r\u00e9flexion avec les b\u00e9n\u00e9voles impliqu\u00e9s. Il serait int\u00e9ressant que quelques b\u00e9n\u00e9voles actifs des Repair Caf\u00e9 Bricol les rejoignent pour faire part de leur exp\u00e9rience technique.<\/p>\n","protected":false},"excerpt":{"rendered":"<p>Apr\u00e8s la premi\u00e8re \u00e9dition en juin 2023 initi\u00e9e par le Repair Caf\u00e9 de Pibrac, le Repair Caf\u00e9 de Blagnac a organis\u00e9 la deuxi\u00e8me \u00e9dition de cet \u00e9v\u00e8nement au tiers-lieu les Alouettes \u00e0 Blagnac coupl\u00e9e aux \u00c9ph\u00e9m\u00e8res, un \u00e9v\u00e8nement bimestriel qui en est \u00e0 sa 5\u00e9me \u00e9dition, programm\u00e9es dans le cadre de la f\u00eate de la [&hellip;]<\/p>\n","protected":false},"author":3,"featured_media":2983,"comment_status":"open","ping_status":"open","sticky":false,"template":"single-no-separators","format":"standard","meta":{"_crdt_document":"","footnotes":""},"categories":[1],"tags":[],"class_list":["post-2833","post","type-post","status-publish","format-standard","has-post-thumbnail","hentry","category-non-classe"],"_links":{"self":[{"href":"https:\/\/www.repaircafepibrac.org\/index.php\/wp-json\/wp\/v2\/posts\/2833","targetHints":{"allow":["GET"]}}],"collection":[{"href":"https:\/\/www.repaircafepibrac.org\/index.php\/wp-json\/wp\/v2\/posts"}],"about":[{"href":"https:\/\/www.repaircafepibrac.org\/index.php\/wp-json\/wp\/v2\/types\/post"}],"author":[{"embeddable":true,"href":"https:\/\/www.repaircafepibrac.org\/index.php\/wp-json\/wp\/v2\/users\/3"}],"replies":[{"embeddable":true,"href":"https:\/\/www.repaircafepibrac.org\/index.php\/wp-json\/wp\/v2\/comments?post=2833"}],"version-history":[{"count":6,"href":"https:\/\/www.repaircafepibrac.org\/index.php\/wp-json\/wp\/v2\/posts\/2833\/revisions"}],"predecessor-version":[{"id":3040,"href":"https:\/\/www.repaircafepibrac.org\/index.php\/wp-json\/wp\/v2\/posts\/2833\/revisions\/3040"}],"wp:featuredmedia":[{"embeddable":true,"href":"https:\/\/www.repaircafepibrac.org\/index.php\/wp-json\/wp\/v2\/media\/2983"}],"wp:attachment":[{"href":"https:\/\/www.repaircafepibrac.org\/index.php\/wp-json\/wp\/v2\/media?parent=2833"}],"wp:term":[{"taxonomy":"category","embeddable":true,"href":"https:\/\/www.repaircafepibrac.org\/index.php\/wp-json\/wp\/v2\/categories?post=2833"},{"taxonomy":"post_tag","embeddable":true,"href":"https:\/\/www.repaircafepibrac.org\/index.php\/wp-json\/wp\/v2\/tags?post=2833"}],"curies":[{"name":"wp","href":"https:\/\/api.w.org\/{rel}","templated":true}]}}